{"id":367,"date":"2016-03-25T17:06:20","date_gmt":"2016-03-25T21:06:20","guid":{"rendered":"http:\/\/www.jardinsdumondrain.com\/?p=367"},"modified":"2018-09-18T19:29:27","modified_gmt":"2018-09-19T00:29:27","slug":"le-toponyme-mondrain","status":"publish","type":"post","link":"https:\/\/lesjardinsdumondrain.com\/?p=367","title":{"rendered":"Le toponyme Mondrain"},"content":{"rendered":"<p><b>Mondrain&nbsp;: eh oui, un mot bien de chez nous!<\/b><\/p>\n<p style=\"text-align: justify;\">Si vous \u00eates de Saint-Anaclet, le joli terme \u00ab&nbsp;mondrain&nbsp;\u00bb vous est peut-\u00eatre familier. Il y a de fortes chances que vous l\u2019ayez d\u00e9j\u00e0 entendu dans une conversation, mais au-del\u00e0 de cette connaissance orale, avez-vous une id\u00e9e de son origine, de sa graphie et de sa signification?<\/p>\n<p style=\"text-align: justify;\">Quand, voil\u00e0 quelques ann\u00e9es, un groupe de r\u00e9sidents du 2e Rang Ouest de Saint-Anaclet s\u2019est fait offrir la possibilit\u00e9 de devenir propri\u00e9taire d\u2019une gravi\u00e8re situ\u00e9e au pied de la butte appel\u00e9e localement Mondrain, les membres du bureau de direction ont \u00e9tudi\u00e9 la possibilit\u00e9 d\u2019inclure ce myst\u00e9rieux toponyme dans le nom qui pourrait d\u00e9finir la nouvelle vocation de l\u2019association. Cette jolie butte, bien visible en tout temps quand vous circulez dans les 2e et 3e Rangs Ouest, se fait remarquer encore plus facilement le soir gr\u00e2ce \u00e0 la grande croix rouge qui illumine son sommet.<\/p>\n<div id=\"attachment_374\" style=\"width: 2010px\" class=\"wp-caption aligncenter\"><a href=\"http:\/\/www.jardinsdumondrain.com\/wp-content\/uploads\/2016\/03\/Mondrain_urubu_croixr.jpg\" rel=\"attachment wp-att-374\"><img loading=\"lazy\" decoding=\"async\" aria-describedby=\"caption-attachment-374\" width=\"2000\" height=\"1126\" class=\"size-medium wp-image-374\" alt=\"Vue du Mondrain dans le 3e Rang Ouest\" src=\"http:\/\/www.jardinsdumondrain.com\/wp-content\/uploads\/2016\/03\/Mondrain_urubu_croixr-2000x1126.jpg\"><\/a><p id=\"caption-attachment-374\" class=\"wp-caption-text\">Vue du Mondrain dans le 3e Rang Ouest. Photo Jacques Dionne<\/p><\/div>\n<div id=\"attachment_379\" style=\"width: 2010px\" class=\"wp-caption aligncenter\"><a href=\"http:\/\/www.jardinsdumondrain.com\/wp-content\/uploads\/2016\/03\/IMG_0092r.jpg\" rel=\"attachment wp-att-379\"><img loading=\"lazy\" decoding=\"async\" aria-describedby=\"caption-attachment-379\" width=\"2000\" height=\"1126\" class=\"size-medium wp-image-379\" alt=\"La croix du Mondrain\" src=\"http:\/\/www.jardinsdumondrain.com\/wp-content\/uploads\/2016\/03\/IMG_0092r-2000x1126.jpg\"><\/a><p id=\"caption-attachment-379\" class=\"wp-caption-text\">La croix du Mondrain dans le 3e Rang Ouest. Photo Jacques Dionne<\/p><\/div>\n<p style=\"text-align: justify;\">Premi\u00e8re surprise! Nos recherches initiales sur ce toponyme nous ont permis de constater qu\u2019il existait diverses graphies dans l\u2019usage local. Dans Internet par exemple, nous avons vu que les graphies \u00ab&nbsp;mont-drin&nbsp;\u00bb, \u00ab&nbsp;mondrin&nbsp;\u00bb, \u00ab&nbsp;mont-drain&nbsp;\u00bb et \u00ab&nbsp;mondrain&nbsp;\u00bb coexistaient, sans que rien ni personne ne donne une explication satisfaisante sur la graphie du mot, ni sur son origine.<\/p>\n<p style=\"text-align: justify;\">Devant cette diversit\u00e9 d\u2019\u00e9critures, l\u2019association s\u2019est adress\u00e9e \u00e0 la Commission de toponymie du Qu\u00e9bec (CTQ) pour conna\u00eetre son point de vue sur le sujet. Rappelons que cet organisme gouvernemental a pour mission de d\u00e9finir et de nommer les noms de lieux au Qu\u00e9bec, et de les officialiser le cas \u00e9ch\u00e9ant.<\/p>\n<p style=\"text-align: justify;\">Nouvelle surprise, et de taille celle-l\u00e0! La CTQ ne connaissait pas ce terme. Elle nous a dit toutefois en avoir trouv\u00e9 diverses attestations sous la graphie \u00ab&nbsp;mondrain&nbsp;\u00bb. La premi\u00e8re occurrence de ce mot figure dans un dictionnaire qu\u00e9b\u00e9cois, qui, outre le lexique fran\u00e7ais commun avec la France, inclut de nombreux r\u00e9gionalismes qu\u00e9b\u00e9cois. Ainsi, le Dictionnaire nord-am\u00e9ricain de la langue fran\u00e7aise (B\u00e9lisle \u00c9diteur, 1974) rel\u00e8ve ce mot avec le sens suivant&nbsp;: \u00ab&nbsp;Petit monticule de sable dans une plaine.&nbsp;\u00bb \u00c0 la suite d\u2019autres recherches, la CTQ pense que ce terme pourrait \u00eatre la contraction de l\u2019expression \u00ab&nbsp;mont de rien&nbsp;\u00bb.<\/p>\n<p style=\"text-align: justify;\">Ces informations sont int\u00e9ressantes certes, mais la seconde attestation trouv\u00e9e par la CTQ est assez surprenante; elle dit en avoir relev\u00e9 deux occurrences dans le livre \u00e9crit par le Comit\u00e9 d\u2019histoire des f\u00eates du 125e anniversaire de Saint-Anaclet (Saint-Anaclet\u2026 Un monde \u00e0 d\u00e9couvrir, 1859-1984). Ainsi, selon cette source, il semble que d\u00e9j\u00e0 en 1872, nos anc\u00eatres du village nommaient l\u2019actuel 3e Rang Ouest de Saint-Anaclet, le \u00ab&nbsp;rang du Mondrain&nbsp;\u00bb. \u00c0 quel moment ce nom d\u2019origine a-t-il \u00e9t\u00e9 substitu\u00e9 par l\u2019appellation 3e Rang Ouest? Pour l\u2019instant, l\u2019histoire ne nous le dit pas.<\/p>\n<p style=\"text-align: justify;\">Toutefois, d\u2019autres recherches que j\u2019ai faites dans la version Internet de la Biblioth\u00e8que de France laissent voir que ce terme d\u2019ancien fran\u00e7ais, relev\u00e9 dans plusieurs r\u00e9cits de voyage, d\u00e9signait tr\u00e8s souvent des \u00e9l\u00e9vations de plus ou moins grande importance dans divers lieux, qu\u2019il s\u2019agisse de buttes, de collines, de monts ou de caps.<\/p>\n<p style=\"text-align: justify;\">Reconnaissant l\u2019originalit\u00e9, voire l\u2019unicit\u00e9 de ce toponyme, la Commission de toponymie du Qu\u00e9bec nous a sugg\u00e9r\u00e9 fortement de lui faire une demande d\u2019officialisation. Du c\u00f4t\u00e9 de l\u2019association, nous avons vu l\u00e0 la possibilit\u00e9 de laisser notre marque dans l\u2019histoire r\u00e9gionale, et nous avons prestement r\u00e9pondu \u00e0 la CTQ en lui adressant une demande en bonne et due forme. Quelques semaines plus tard, la CTQ informait l\u2019association qu\u2019elle avait officialis\u00e9 ce toponyme \u00e0 sa r\u00e9union du 5 septembre 2014.<\/p>\n<p style=\"text-align: justify;\">Les documents entourant ce fait d\u2019armes font maintenant partie de nos archives officielles et constituent pour l\u2019association une fiert\u00e9 collective. Le Mondrain, l\u2019orthographe finalement retenue par la CTQ, d\u00e9signe dor\u00e9navant la butte situ\u00e9e \u00e0 la jonction de Saint-Anaclet et de Rimouski, plus pr\u00e9cis\u00e9ment \u00e0 la jonction du 48e parall\u00e8le et du 68e m\u00e9ridien.<\/p>\n<p style=\"text-align: justify;\">L\u2019officialisation de ce toponyme assurera d\u2019une certaine mani\u00e8re la p\u00e9rennit\u00e9 de notre association, puisque selon la CTQ, \u00ab&nbsp;le toponyme Mondrain figurera dor\u00e9navant sur les cartes et dans les documents officiels des divers minist\u00e8res du gouvernement du Qu\u00e9bec.&nbsp;\u00bb<\/p>\n<p style=\"text-align: justify;\">Si l\u2019association a eu la chance d\u2019h\u00e9riter d\u2019un immense terrain gr\u00e2ce \u00e0 la g\u00e9n\u00e9rosit\u00e9 d\u2019un entrepreneur r\u00e9gional, elle est \u00e0 son tour tr\u00e8s fi\u00e8re de pouvoir faire revivre de fa\u00e7on officielle ce mot bien de chez nous, que nous ont l\u00e9gu\u00e9 nos anc\u00eatres.<\/p>\n<p><span style=\"color: rgb(0, 0, 0);\">Claude Demers, membre actif<\/span><\/p>\n","protected":false},"excerpt":{"rendered":"<p>Mondrain&nbsp;: eh oui, un mot bien de chez nous! Si vous \u00eates de Saint-Anaclet, le joli terme \u00ab&nbsp;mondrain&nbsp;\u00bb vous est peut-\u00eatre familier. Il y a de fortes chances que vous l\u2019ayez d\u00e9j\u00e0 entendu dans une conversation, mais au-del\u00e0 de cette &hellip; <a href=\"https:\/\/lesjardinsdumondrain.com\/?p=367\">Continuer la lecture <span class=\"meta-nav\">&rarr;<\/span><\/a><\/p>\n","protected":false},"author":21,"featured_media":0,"comment_status":"open","ping_status":"closed","sticky":false,"template":"","format":"standard","meta":{"_jetpack_memberships_contains_paid_content":false,"footnotes":""},"categories":[7],"tags":[],"class_list":["post-367","post","type-post","status-publish","format-standard","hentry","category-histoire"],"jetpack_featured_media_url":"","jetpack_sharing_enabled":true,"_links":{"self":[{"href":"https:\/\/lesjardinsdumondrain.com\/index.php?rest_route=\/wp\/v2\/posts\/367","targetHints":{"allow":["GET"]}}],"collection":[{"href":"https:\/\/lesjardinsdumondrain.com\/index.php?rest_route=\/wp\/v2\/posts"}],"about":[{"href":"https:\/\/lesjardinsdumondrain.com\/index.php?rest_route=\/wp\/v2\/types\/post"}],"author":[{"embeddable":true,"href":"https:\/\/lesjardinsdumondrain.com\/index.php?rest_route=\/wp\/v2\/users\/21"}],"replies":[{"embeddable":true,"href":"https:\/\/lesjardinsdumondrain.com\/index.php?rest_route=%2Fwp%2Fv2%2Fcomments&post=367"}],"version-history":[{"count":6,"href":"https:\/\/lesjardinsdumondrain.com\/index.php?rest_route=\/wp\/v2\/posts\/367\/revisions"}],"predecessor-version":[{"id":1101,"href":"https:\/\/lesjardinsdumondrain.com\/index.php?rest_route=\/wp\/v2\/posts\/367\/revisions\/1101"}],"wp:attachment":[{"href":"https:\/\/lesjardinsdumondrain.com\/index.php?rest_route=%2Fwp%2Fv2%2Fmedia&parent=367"}],"wp:term":[{"taxonomy":"category","embeddable":true,"href":"https:\/\/lesjardinsdumondrain.com\/index.php?rest_route=%2Fwp%2Fv2%2Fcategories&post=367"},{"taxonomy":"post_tag","embeddable":true,"href":"https:\/\/lesjardinsdumondrain.com\/index.php?rest_route=%2Fwp%2Fv2%2Ftags&post=367"}],"curies":[{"name":"wp","href":"https:\/\/api.w.org\/{rel}","templated":true}]}}